{"id":5813,"date":"2023-11-06T09:25:38","date_gmt":"2023-11-06T09:25:38","guid":{"rendered":"https:\/\/saharamoroccotours.com\/es\/?p=5813"},"modified":"2023-11-06T09:25:46","modified_gmt":"2023-11-06T09:25:46","slug":"chefchaouen-la-perla-azul-de-marruecos","status":"publish","type":"post","link":"https:\/\/saharamoroccotours.com\/es\/chefchaouen-la-perla-azul-de-marruecos\/","title":{"rendered":"Chefchaouen, la perla azul de Marruecos"},"content":{"rendered":"\n<h2 class=\"wp-block-heading\" id=\"h-chefchaouen-la-perla-azul-de-marruecos\">Chefchaouen, la perla azul de Marruecos<\/h2>\n\n\n\n<p>Chefchaouen la perla azul de Marruecos: Es un aut\u00e9ntico placer visitar Chefchaouen. S\u00faper fotog\u00e9nica, es conocida como la Perla Azul de Marruecos. Su medina, el centro hist\u00f3rico, encanta a los visitantes con sus casas, callejuelas, calles y peque\u00f1os edificios completamente pintados de azul. Adem\u00e1s, esta peque\u00f1a ciudad est\u00e1 enclavada en el coraz\u00f3n de las monta\u00f1as del Rif, una regi\u00f3n considerada sagrada y lugar de peregrinaci\u00f3n donde est\u00e1n enterrados antiguos profetas.<\/p>\n\n\n\n<p>Fue la segunda ciudad de nuestro <a href=\"https:\/\/saharamoroccotours.com\/es\/tour\/ruta-10-dias-desde-casablanca\/\">viaje de 10 d\u00edas por Marruecos<\/a>, un pa\u00eds que nos sorprendi\u00f3 mucho. Si piensa viajar a Marruecos<\/p>\n\n\n\n<h3 class=\"wp-block-heading\" id=\"h-la-historia-de-chefchaouen\">La historia de Chefchaouen<\/h3>\n\n\n\n<p>La ciudad de Chefchaouen fue fundada en 1471 por Moulay Ali Ben Rachid, seguidor de un profeta local. En esa \u00e9poca, moriscos y jud\u00edos hu\u00edan a Marruecos para escapar de la Inquisici\u00f3n espa\u00f1ola. Por eso Chefchaouen estaba completamente cerrada a los extranjeros. El aislamiento era tan fuerte que, cuando llegaron los espa\u00f1oles en 1920, se encontraron con jud\u00edos que segu\u00edan hablando una lengua que no se o\u00eda en Espa\u00f1a desde hac\u00eda 400 a\u00f1os. Cuando los espa\u00f1oles regresaron, muchos refugiados jud\u00edos se trasladaron a Israel.<\/p>\n\n\n\n<h3 class=\"wp-block-heading\" id=\"h-por-que-chefchaouen-es-azul\">\u00bfPor qu\u00e9 Chefchaouen es azul?<\/h3>\n\n\n\n<p>La tradici\u00f3n de pintar los edificios de azul tiene motivos religiosos. Los jud\u00edos cre\u00edan que pint\u00e1ndolo todo de azul recordaban a la gente que Dios y el cielo estaban por encima de todo lo dem\u00e1s. Bonito, \u00bfverdad? Y a d\u00eda de hoy, aunque la mayor\u00eda de los jud\u00edos se han marchado, la poblaci\u00f3n sigue pintando la ciudad del color que representa el cielo y el para\u00edso. De hecho, ahora se sabe que tiene otras ventajas, como mantener alejados a los mosquitos, practicar la calma y atraer a los turistas.<\/p>\n\n\n\n<h3 class=\"wp-block-heading\" id=\"h-que-hacer-en-chefchaouen\">Qu\u00e9 hacer en Chefchaouen<\/h3>\n\n\n\n<p>Adem\u00e1s de admirar la medina azul, Chefchaouen tiene uno de los mejores zocos (mercados) que he visto en todo Marruecos. Montones de tapices de colores, babuchas bordadas, cer\u00e1mica y especias. Pens\u00e9 que ser\u00eda mejor dejar las compras para Marrakech al final del viaje, pero luego me arrepent\u00ed porque no vi tantas cosas bonitas juntas en ning\u00fan otro sitio.<\/p>\n\n\n\n<p>Otro programa imperdible es deambular sin rumbo por las callejuelas y escaleras azules. Tome fotos de las puertas bellamente decoradas de las casitas que hay por el camino. Baje hasta llegar a la plaza principal, donde podr\u00e1 hacerse un tatuaje de henna. Hay varios caf\u00e9s y restaurantes donde tomar un delicioso t\u00e9 marroqu\u00ed a la menta. Y pruebe el zumo de naranja reci\u00e9n exprimido en las callejuelas. La fruta es uno de los tesoros de Marruecos.<\/p>\n\n\n\n<p>Para los aventureros, y para los que se queden m\u00e1s tiempo, es bueno saber que en los alrededores monta\u00f1osos de Chefchaouen hay varios senderos que conducen a preciosos miradores, desde donde se puede tener una vista panor\u00e1mica del centro hist\u00f3rico azul de la ciudad.<\/p>\n\n\n\n<h3 class=\"wp-block-heading\" id=\"h-donde-alojarse-en-chefchaouen\">D\u00f3nde alojarse en Chefchaouen<\/h3>\n\n\n\n<p>Nos alojamos en la medina, que es sin duda el mejor lugar para alojarse. Nos alojamos en <a href=\"https:\/\/www.booking.com\/hotel\/ma\/dar-zambra.es.html?aid=356980&label=gog235jc-1DCAsojAFCCmRhci16YW1icmFIM1gDaIwBiAEBmAENuAEXyAEM2AED6AEBiAIBqAIDuAKo3aKqBsACAdICJDc0ZTc5ZDFiLTNiYWQtNDljMy1hZGJjLWRhMzVjZTNkMzU4YdgCBOACAQ&sid=cab3ff793c22dd49b56915deb000d938&dist=0&keep_landing=1&sb_price_type=total&type=total&lang=es&soz=1&lang_changed=1\">Dar Zambra<\/a>, una pensi\u00f3n tradicional con pocas habitaciones y un trato muy personalizado. El desayuno se serv\u00eda en la terraza desde donde se pod\u00eda contemplar la vista de las monta\u00f1as y la medina azul de abajo.<\/p>\n\n\n\n<p>Si te gustan mis consejos y fotos, no olvides reservar usando los enlaces del blog, \u00bfvale? Pagas el mismo precio y ayudas a mantener el sitio, que siempre tiene nuevos art\u00edculos para inspirarte y ayudarte a planificar tus viajes.<\/p>\n\n\n\n<p>Si duerme all\u00ed una noche, experimentar\u00e1 c\u00f3mo le despierta a las 6 de la ma\u00f1ana (foto de abajo) la llamada a la oraci\u00f3n procedente de la mezquita. Los musulmanes rezan al menos 5 veces al d\u00eda y esta llamada se propaga desde el minarete de las mezquitas.<\/p>\n\n\n\n<h3 class=\"wp-block-heading\" id=\"h-cuanto-tiempo-quedarse-en-chefchaouen\">Cu\u00e1nto tiempo quedarse en Chefchaouen<\/h3>\n\n\n\n<p>Nosotros nos quedamos un d\u00eda y fue suficiente para ver los principales lugares de inter\u00e9s. Lo ideal es dormir una noche para poder recorrer la medina antes que los numerosos visitantes que llegan cada d\u00eda. Hacia las 12 del mediod\u00eda, las calles empiezan a llenarse de gente y vuelven a calmarse hacia el final de la tarde.<\/p>\n\n\n\n<h3 class=\"wp-block-heading\" id=\"h-como-llegar-a-chefchaouen\">C\u00f3mo llegar a Chefchaouen<\/h3>\n\n\n\n<p>Llegamos en coche desde <a href=\"https:\/\/es.wikipedia.org\/wiki\/Casablanca\">Casablanca<\/a>. Como ya he mencionado, viajamos en un tour privado con conductor organizado por <a href=\"https:\/\/saharamoroccotours.com\/es\/\">Sahara Morocco Tours<\/a>. El trayecto de Casablanca a Chefchaouen dur\u00f3 5 horas (unos 340 km).<\/p>\n\n\n\n<p>Se puede llegar en autob\u00fas desde Casablanca, <a href=\"https:\/\/saharamoroccotours.com\/es\/que-ver-y-hacer-en-tanger\/\">T\u00e1nger<\/a>, <a href=\"https:\/\/saharamoroccotours.com\/es\/las-cosas-que-hacer-en-rabat\/\">Rabat<\/a> y <a href=\"https:\/\/saharamoroccotours.com\/es\/que-hacer-en-fez\/\">Fez<\/a>. El aeropuerto m\u00e1s cercano est\u00e1 en T\u00e1nger, a unos 120 km, que recibe vuelos de Europa y otras partes de <a href=\"https:\/\/saharamoroccotours.com\/es\/africa-marruecos\/\">\u00c1frica<\/a>.<\/p>\n","protected":false},"excerpt":{"rendered":"<p>Chefchaouen, la perla azul de Marruecos Chefchaouen la perla azul de Marruecos: Es un aut\u00e9ntico placer visitar Chefchaouen. S\u00faper fotog\u00e9nica, es conocida como la Perla Azul de Marruecos. Su medina, el centro hist\u00f3rico, encanta a los visitantes con sus casas, &hellip; <a href=\"https:\/\/saharamoroccotours.com\/es\/chefchaouen-la-perla-azul-de-marruecos\/\">Read More<\/a><\/p>\n","protected":false},"author":1,"featured_media":5814,"comment_status":"open","ping_status":"open","sticky":false,"template":"","format":"standard","meta":{"_joinchat":[],"footnotes":""},"categories":[1],"tags":[],"class_list":["post-5813","post","type-post","status-publish","format-standard","has-post-thumbnail","hentry","category-uncategorized"],"yoast_head":"<!-- This site is optimized with the Yoast SEO plugin v27.5 - https:\/\/yoast.com\/product\/yoast-seo-wordpress\/ -->\n<title>Chefchaouen, la perla azul de Marruecos<\/title>\n<meta name=\"description\" content=\"Chefchaouen, la perla azul de Marruecos, Chefchaouen albergaba una peque\u00f1a comunidad jud\u00eda compuesta por 22 familias. Viaje a Marruecos.\" \/>\n<meta name=\"robots\" content=\"index, follow, max-snippet:-1, max-image-preview:large, max-video-preview:-1\" \/>\n<link rel=\"canonical\" href=\"https:\/\/saharamoroccotours.com\/es\/chefchaouen-la-perla-azul-de-marruecos\/\" \/>\n<meta property=\"og:locale\" content=\"en_US\" \/>\n<meta property=\"og:type\" content=\"article\" \/>\n<meta property=\"og:title\" content=\"Chefchaouen, la perla azul de Marruecos\" \/>\n<meta property=\"og:description\" content=\"Chefchaouen, la perla azul de Marruecos, Chefchaouen albergaba una peque\u00f1a comunidad jud\u00eda compuesta por 22 familias. Viaje a Marruecos.\" \/>\n<meta property=\"og:url\" content=\"https:\/\/saharamoroccotours.com\/es\/chefchaouen-la-perla-azul-de-marruecos\/\" \/>\n<meta property=\"og:site_name\" content=\"Sahara Morocco Tours\" \/>\n<meta property=\"article:publisher\" content=\"https:\/\/www.facebook.com\/saharamoroccotours\" \/>\n<meta property=\"article:published_time\" content=\"2023-11-06T09:25:38+00:00\" \/>\n<meta property=\"article:modified_time\" content=\"2023-11-06T09:25:46+00:00\" \/>\n<meta property=\"og:image\" content=\"https:\/\/saharamoroccotours.com\/es\/wp-content\/uploads\/2023\/11\/smt-chaouen_1200x628.webp\" \/>\n\t<meta property=\"og:image:width\" content=\"1200\" \/>\n\t<meta property=\"og:image:height\" content=\"628\" \/>\n\t<meta property=\"og:image:type\" content=\"image\/webp\" \/>\n<meta name=\"author\" content=\"Sahara Morocco Tours\" \/>\n<meta name=\"twitter:card\" content=\"summary_large_image\" \/>\n<meta name=\"twitter:creator\" content=\"@saharamoroccot\" \/>\n<meta name=\"twitter:site\" content=\"@saharamoroccot\" \/>\n<meta name=\"twitter:label1\" content=\"Written by\" \/>\n\t<meta name=\"twitter:data1\" content=\"Sahara Morocco Tours\" \/>\n\t<meta name=\"twitter:label2\" content=\"Est. reading time\" \/>\n\t<meta name=\"twitter:data2\" content=\"4 minutes\" \/>\n<script type=\"application\/ld+json\" class=\"yoast-schema-graph\">{\"@context\":\"https:\\\/\\\/schema.org\",\"@graph\":[{\"@type\":\"Article\",\"@id\":\"https:\\\/\\\/saharamoroccotours.com\\\/es\\\/chefchaouen-la-perla-azul-de-marruecos\\\/#article\",\"isPartOf\":{\"@id\":\"https:\\\/\\\/saharamoroccotours.com\\\/es\\\/chefchaouen-la-perla-azul-de-marruecos\\\/\"},\"author\":{\"name\":\"Sahara Morocco Tours\",\"@id\":\"https:\\\/\\\/saharamoroccotours.com\\\/es\\\/#\\\/schema\\\/person\\\/ab47b374f2570f8078e190294f0466ca\"},\"headline\":\"Chefchaouen, la perla azul de Marruecos\",\"datePublished\":\"2023-11-06T09:25:38+00:00\",\"dateModified\":\"2023-11-06T09:25:46+00:00\",\"mainEntityOfPage\":{\"@id\":\"https:\\\/\\\/saharamoroccotours.com\\\/es\\\/chefchaouen-la-perla-azul-de-marruecos\\\/\"},\"wordCount\":800,\"commentCount\":0,\"publisher\":{\"@id\":\"https:\\\/\\\/saharamoroccotours.com\\\/es\\\/#organization\"},\"image\":{\"@id\":\"https:\\\/\\\/saharamoroccotours.com\\\/es\\\/chefchaouen-la-perla-azul-de-marruecos\\\/#primaryimage\"},\"thumbnailUrl\":\"https:\\\/\\\/saharamoroccotours.com\\\/es\\\/wp-content\\\/uploads\\\/2023\\\/11\\\/smt-chaouen_1200x628.webp\",\"inLanguage\":\"en-US\",\"potentialAction\":[{\"@type\":\"CommentAction\",\"name\":\"Comment\",\"target\":[\"https:\\\/\\\/saharamoroccotours.com\\\/es\\\/chefchaouen-la-perla-azul-de-marruecos\\\/#respond\"]}]},{\"@type\":\"WebPage\",\"@id\":\"https:\\\/\\\/saharamoroccotours.com\\\/es\\\/chefchaouen-la-perla-azul-de-marruecos\\\/\",\"url\":\"https:\\\/\\\/saharamoroccotours.com\\\/es\\\/chefchaouen-la-perla-azul-de-marruecos\\\/\",\"name\":\"Chefchaouen, la perla azul de Marruecos\",\"isPartOf\":{\"@id\":\"https:\\\/\\\/saharamoroccotours.com\\\/es\\\/#website\"},\"primaryImageOfPage\":{\"@id\":\"https:\\\/\\\/saharamoroccotours.com\\\/es\\\/chefchaouen-la-perla-azul-de-marruecos\\\/#primaryimage\"},\"image\":{\"@id\":\"https:\\\/\\\/saharamoroccotours.com\\\/es\\\/chefchaouen-la-perla-azul-de-marruecos\\\/#primaryimage\"},\"thumbnailUrl\":\"https:\\\/\\\/saharamoroccotours.com\\\/es\\\/wp-content\\\/uploads\\\/2023\\\/11\\\/smt-chaouen_1200x628.webp\",\"datePublished\":\"2023-11-06T09:25:38+00:00\",\"dateModified\":\"2023-11-06T09:25:46+00:00\",\"description\":\"Chefchaouen, la perla azul de Marruecos, Chefchaouen albergaba una peque\u00f1a comunidad jud\u00eda compuesta por 22 familias. Viaje a Marruecos.\",\"breadcrumb\":{\"@id\":\"https:\\\/\\\/saharamoroccotours.com\\\/es\\\/chefchaouen-la-perla-azul-de-marruecos\\\/#breadcrumb\"},\"inLanguage\":\"en-US\",\"potentialAction\":[{\"@type\":\"ReadAction\",\"target\":[\"https:\\\/\\\/saharamoroccotours.com\\\/es\\\/chefchaouen-la-perla-azul-de-marruecos\\\/\"]}]},{\"@type\":\"ImageObject\",\"inLanguage\":\"en-US\",\"@id\":\"https:\\\/\\\/saharamoroccotours.com\\\/es\\\/chefchaouen-la-perla-azul-de-marruecos\\\/#primaryimage\",\"url\":\"https:\\\/\\\/saharamoroccotours.com\\\/es\\\/wp-content\\\/uploads\\\/2023\\\/11\\\/smt-chaouen_1200x628.webp\",\"contentUrl\":\"https:\\\/\\\/saharamoroccotours.com\\\/es\\\/wp-content\\\/uploads\\\/2023\\\/11\\\/smt-chaouen_1200x628.webp\",\"width\":1200,\"height\":628,\"caption\":\"Chefchaouen, la perla azul de Marruecos\"},{\"@type\":\"BreadcrumbList\",\"@id\":\"https:\\\/\\\/saharamoroccotours.com\\\/es\\\/chefchaouen-la-perla-azul-de-marruecos\\\/#breadcrumb\",\"itemListElement\":[{\"@type\":\"ListItem\",\"position\":1,\"name\":\"Home\",\"item\":\"https:\\\/\\\/saharamoroccotours.com\\\/es\\\/\"},{\"@type\":\"ListItem\",\"position\":2,\"name\":\"Chefchaouen, la perla azul de Marruecos\"}]},{\"@type\":\"WebSite\",\"@id\":\"https:\\\/\\\/saharamoroccotours.com\\\/es\\\/#website\",\"url\":\"https:\\\/\\\/saharamoroccotours.com\\\/es\\\/\",\"name\":\"Sahara Morocco Tours\",\"description\":\"Viajes a Marruecos\",\"publisher\":{\"@id\":\"https:\\\/\\\/saharamoroccotours.com\\\/es\\\/#organization\"},\"potentialAction\":[{\"@type\":\"SearchAction\",\"target\":{\"@type\":\"EntryPoint\",\"urlTemplate\":\"https:\\\/\\\/saharamoroccotours.com\\\/es\\\/?s={search_term_string}\"},\"query-input\":{\"@type\":\"PropertyValueSpecification\",\"valueRequired\":true,\"valueName\":\"search_term_string\"}}],\"inLanguage\":\"en-US\"},{\"@type\":\"Organization\",\"@id\":\"https:\\\/\\\/saharamoroccotours.com\\\/es\\\/#organization\",\"name\":\"Sahara Morocco Tours\",\"url\":\"https:\\\/\\\/saharamoroccotours.com\\\/es\\\/\",\"logo\":{\"@type\":\"ImageObject\",\"inLanguage\":\"en-US\",\"@id\":\"https:\\\/\\\/saharamoroccotours.com\\\/es\\\/#\\\/schema\\\/logo\\\/image\\\/\",\"url\":\"https:\\\/\\\/saharamoroccotours.com\\\/es\\\/wp-content\\\/uploads\\\/2022\\\/10\\\/mini-logo.png\",\"contentUrl\":\"https:\\\/\\\/saharamoroccotours.com\\\/es\\\/wp-content\\\/uploads\\\/2022\\\/10\\\/mini-logo.png\",\"width\":250,\"height\":100,\"caption\":\"Sahara Morocco Tours\"},\"image\":{\"@id\":\"https:\\\/\\\/saharamoroccotours.com\\\/es\\\/#\\\/schema\\\/logo\\\/image\\\/\"},\"sameAs\":[\"https:\\\/\\\/www.facebook.com\\\/saharamoroccotours\",\"https:\\\/\\\/x.com\\\/saharamoroccot\"]},{\"@type\":\"Person\",\"@id\":\"https:\\\/\\\/saharamoroccotours.com\\\/es\\\/#\\\/schema\\\/person\\\/ab47b374f2570f8078e190294f0466ca\",\"name\":\"Sahara Morocco Tours\",\"image\":{\"@type\":\"ImageObject\",\"inLanguage\":\"en-US\",\"@id\":\"https:\\\/\\\/secure.gravatar.com\\\/avatar\\\/1ff3bfafad19bab941bd4c5f07701e83bc292b4b8d5bd80dfe969ad6cbe821a2?s=96&d=mm&r=g\",\"url\":\"https:\\\/\\\/secure.gravatar.com\\\/avatar\\\/1ff3bfafad19bab941bd4c5f07701e83bc292b4b8d5bd80dfe969ad6cbe821a2?s=96&d=mm&r=g\",\"contentUrl\":\"https:\\\/\\\/secure.gravatar.com\\\/avatar\\\/1ff3bfafad19bab941bd4c5f07701e83bc292b4b8d5bd80dfe969ad6cbe821a2?s=96&d=mm&r=g\",\"caption\":\"Sahara Morocco Tours\"},\"sameAs\":[\"https:\\\/\\\/saharamoroccotours.com\\\/es\"],\"url\":\"https:\\\/\\\/saharamoroccotours.com\\\/es\\\/author\\\/morocco\\\/\"}]}<\/script>\n<!-- \/ Yoast SEO plugin. -->","yoast_head_json":{"title":"Chefchaouen, la perla azul de Marruecos","description":"Chefchaouen, la perla azul de Marruecos, Chefchaouen albergaba una peque\u00f1a comunidad jud\u00eda compuesta por 22 familias. Viaje a Marruecos.","robots":{"index":"index","follow":"follow","max-snippet":"max-snippet:-1","max-image-preview":"max-image-preview:large","max-video-preview":"max-video-preview:-1"},"canonical":"https:\/\/saharamoroccotours.com\/es\/chefchaouen-la-perla-azul-de-marruecos\/","og_locale":"en_US","og_type":"article","og_title":"Chefchaouen, la perla azul de Marruecos","og_description":"Chefchaouen, la perla azul de Marruecos, Chefchaouen albergaba una peque\u00f1a comunidad jud\u00eda compuesta por 22 familias. Viaje a Marruecos.","og_url":"https:\/\/saharamoroccotours.com\/es\/chefchaouen-la-perla-azul-de-marruecos\/","og_site_name":"Sahara Morocco Tours","article_publisher":"https:\/\/www.facebook.com\/saharamoroccotours","article_published_time":"2023-11-06T09:25:38+00:00","article_modified_time":"2023-11-06T09:25:46+00:00","og_image":[{"width":1200,"height":628,"url":"https:\/\/saharamoroccotours.com\/es\/wp-content\/uploads\/2023\/11\/smt-chaouen_1200x628.webp","type":"image\/webp"}],"author":"Sahara Morocco Tours","twitter_card":"summary_large_image","twitter_creator":"@saharamoroccot","twitter_site":"@saharamoroccot","twitter_misc":{"Written by":"Sahara Morocco Tours","Est. reading time":"4 minutes"},"schema":{"@context":"https:\/\/schema.org","@graph":[{"@type":"Article","@id":"https:\/\/saharamoroccotours.com\/es\/chefchaouen-la-perla-azul-de-marruecos\/#article","isPartOf":{"@id":"https:\/\/saharamoroccotours.com\/es\/chefchaouen-la-perla-azul-de-marruecos\/"},"author":{"name":"Sahara Morocco Tours","@id":"https:\/\/saharamoroccotours.com\/es\/#\/schema\/person\/ab47b374f2570f8078e190294f0466ca"},"headline":"Chefchaouen, la perla azul de Marruecos","datePublished":"2023-11-06T09:25:38+00:00","dateModified":"2023-11-06T09:25:46+00:00","mainEntityOfPage":{"@id":"https:\/\/saharamoroccotours.com\/es\/chefchaouen-la-perla-azul-de-marruecos\/"},"wordCount":800,"commentCount":0,"publisher":{"@id":"https:\/\/saharamoroccotours.com\/es\/#organization"},"image":{"@id":"https:\/\/saharamoroccotours.com\/es\/chefchaouen-la-perla-azul-de-marruecos\/#primaryimage"},"thumbnailUrl":"https:\/\/saharamoroccotours.com\/es\/wp-content\/uploads\/2023\/11\/smt-chaouen_1200x628.webp","inLanguage":"en-US","potentialAction":[{"@type":"CommentAction","name":"Comment","target":["https:\/\/saharamoroccotours.com\/es\/chefchaouen-la-perla-azul-de-marruecos\/#respond"]}]},{"@type":"WebPage","@id":"https:\/\/saharamoroccotours.com\/es\/chefchaouen-la-perla-azul-de-marruecos\/","url":"https:\/\/saharamoroccotours.com\/es\/chefchaouen-la-perla-azul-de-marruecos\/","name":"Chefchaouen, la perla azul de Marruecos","isPartOf":{"@id":"https:\/\/saharamoroccotours.com\/es\/#website"},"primaryImageOfPage":{"@id":"https:\/\/saharamoroccotours.com\/es\/chefchaouen-la-perla-azul-de-marruecos\/#primaryimage"},"image":{"@id":"https:\/\/saharamoroccotours.com\/es\/chefchaouen-la-perla-azul-de-marruecos\/#primaryimage"},"thumbnailUrl":"https:\/\/saharamoroccotours.com\/es\/wp-content\/uploads\/2023\/11\/smt-chaouen_1200x628.webp","datePublished":"2023-11-06T09:25:38+00:00","dateModified":"2023-11-06T09:25:46+00:00","description":"Chefchaouen, la perla azul de Marruecos, Chefchaouen albergaba una peque\u00f1a comunidad jud\u00eda compuesta por 22 familias. Viaje a Marruecos.","breadcrumb":{"@id":"https:\/\/saharamoroccotours.com\/es\/chefchaouen-la-perla-azul-de-marruecos\/#breadcrumb"},"inLanguage":"en-US","potentialAction":[{"@type":"ReadAction","target":["https:\/\/saharamoroccotours.com\/es\/chefchaouen-la-perla-azul-de-marruecos\/"]}]},{"@type":"ImageObject","inLanguage":"en-US","@id":"https:\/\/saharamoroccotours.com\/es\/chefchaouen-la-perla-azul-de-marruecos\/#primaryimage","url":"https:\/\/saharamoroccotours.com\/es\/wp-content\/uploads\/2023\/11\/smt-chaouen_1200x628.webp","contentUrl":"https:\/\/saharamoroccotours.com\/es\/wp-content\/uploads\/2023\/11\/smt-chaouen_1200x628.webp","width":1200,"height":628,"caption":"Chefchaouen, la perla azul de Marruecos"},{"@type":"BreadcrumbList","@id":"https:\/\/saharamoroccotours.com\/es\/chefchaouen-la-perla-azul-de-marruecos\/#breadcrumb","itemListElement":[{"@type":"ListItem","position":1,"name":"Home","item":"https:\/\/saharamoroccotours.com\/es\/"},{"@type":"ListItem","position":2,"name":"Chefchaouen, la perla azul de Marruecos"}]},{"@type":"WebSite","@id":"https:\/\/saharamoroccotours.com\/es\/#website","url":"https:\/\/saharamoroccotours.com\/es\/","name":"Sahara Morocco Tours","description":"Viajes a Marruecos","publisher":{"@id":"https:\/\/saharamoroccotours.com\/es\/#organization"},"potentialAction":[{"@type":"SearchAction","target":{"@type":"EntryPoint","urlTemplate":"https:\/\/saharamoroccotours.com\/es\/?s={search_term_string}"},"query-input":{"@type":"PropertyValueSpecification","valueRequired":true,"valueName":"search_term_string"}}],"inLanguage":"en-US"},{"@type":"Organization","@id":"https:\/\/saharamoroccotours.com\/es\/#organization","name":"Sahara Morocco Tours","url":"https:\/\/saharamoroccotours.com\/es\/","logo":{"@type":"ImageObject","inLanguage":"en-US","@id":"https:\/\/saharamoroccotours.com\/es\/#\/schema\/logo\/image\/","url":"https:\/\/saharamoroccotours.com\/es\/wp-content\/uploads\/2022\/10\/mini-logo.png","contentUrl":"https:\/\/saharamoroccotours.com\/es\/wp-content\/uploads\/2022\/10\/mini-logo.png","width":250,"height":100,"caption":"Sahara Morocco Tours"},"image":{"@id":"https:\/\/saharamoroccotours.com\/es\/#\/schema\/logo\/image\/"},"sameAs":["https:\/\/www.facebook.com\/saharamoroccotours","https:\/\/x.com\/saharamoroccot"]},{"@type":"Person","@id":"https:\/\/saharamoroccotours.com\/es\/#\/schema\/person\/ab47b374f2570f8078e190294f0466ca","name":"Sahara Morocco Tours","image":{"@type":"ImageObject","inLanguage":"en-US","@id":"https:\/\/secure.gravatar.com\/avatar\/1ff3bfafad19bab941bd4c5f07701e83bc292b4b8d5bd80dfe969ad6cbe821a2?s=96&d=mm&r=g","url":"https:\/\/secure.gravatar.com\/avatar\/1ff3bfafad19bab941bd4c5f07701e83bc292b4b8d5bd80dfe969ad6cbe821a2?s=96&d=mm&r=g","contentUrl":"https:\/\/secure.gravatar.com\/avatar\/1ff3bfafad19bab941bd4c5f07701e83bc292b4b8d5bd80dfe969ad6cbe821a2?s=96&d=mm&r=g","caption":"Sahara Morocco Tours"},"sameAs":["https:\/\/saharamoroccotours.com\/es"],"url":"https:\/\/saharamoroccotours.com\/es\/author\/morocco\/"}]}},"_links":{"self":[{"href":"https:\/\/saharamoroccotours.com\/es\/wp-json\/wp\/v2\/posts\/5813","targetHints":{"allow":["GET"]}}],"collection":[{"href":"https:\/\/saharamoroccotours.com\/es\/wp-json\/wp\/v2\/posts"}],"about":[{"href":"https:\/\/saharamoroccotours.com\/es\/wp-json\/wp\/v2\/types\/post"}],"author":[{"embeddable":true,"href":"https:\/\/saharamoroccotours.com\/es\/wp-json\/wp\/v2\/users\/1"}],"replies":[{"embeddable":true,"href":"https:\/\/saharamoroccotours.com\/es\/wp-json\/wp\/v2\/comments?post=5813"}],"version-history":[{"count":1,"href":"https:\/\/saharamoroccotours.com\/es\/wp-json\/wp\/v2\/posts\/5813\/revisions"}],"predecessor-version":[{"id":5815,"href":"https:\/\/saharamoroccotours.com\/es\/wp-json\/wp\/v2\/posts\/5813\/revisions\/5815"}],"wp:featuredmedia":[{"embeddable":true,"href":"https:\/\/saharamoroccotours.com\/es\/wp-json\/wp\/v2\/media\/5814"}],"wp:attachment":[{"href":"https:\/\/saharamoroccotours.com\/es\/wp-json\/wp\/v2\/media?parent=5813"}],"wp:term":[{"taxonomy":"category","embeddable":true,"href":"https:\/\/saharamoroccotours.com\/es\/wp-json\/wp\/v2\/categories?post=5813"},{"taxonomy":"post_tag","embeddable":true,"href":"https:\/\/saharamoroccotours.com\/es\/wp-json\/wp\/v2\/tags?post=5813"}],"curies":[{"name":"wp","href":"https:\/\/api.w.org\/{rel}","templated":true}]}}